{"id":57105,"date":"2026-04-09T11:36:34","date_gmt":"2026-04-09T10:36:34","guid":{"rendered":"https:\/\/center-izola.si\/?p=57105"},"modified":"2026-04-09T11:49:35","modified_gmt":"2026-04-09T10:49:35","slug":"in-memoria-v-spomin-frane-goljevscek-1936-2026","status":"publish","type":"post","link":"https:\/\/center-izola.si\/it\/in-memoria-v-spomin-frane-goljevscek-1936-2026\/","title":{"rendered":"IN MEMORIA: V SPOMIN: Frane Goljev\u0161\u010dek (1936\u20132026)"},"content":{"rendered":"\n<p>Con profondo rispetto ci congediamo da Frane Goljev\u0161\u010dek, straordinario creatore culturale e persona che, con la sua dedizione alla cultura, ha lasciato un segno indelebile a Isola.<\/p>\n\n\n\n<p>Proprio a Isola ha lasciato l\u2019impronta pi\u00f9 forte grazie alla sua visione e al suo impegno, essendo stato uno dei principali artefici del fermento culturale della nostra citt\u00e0. \u00c8 stato fondatore dell\u2019Associazione delle Organizzazioni Culturali di Isola e uno dei principali promotori del collegamento tra le associazioni e dello sviluppo della vita culturale in citt\u00e0. Ha partecipato attivamente allo sviluppo e al restauro della casa della cultura e ha promosso un ricco programma culturale per tutte le generazioni. Con la sua visione e tenacia ha contribuito significativamente al rinnovo delle infrastrutture culturali isolane e ha fondato la prima galleria d\u2019arte di Isola, la Galleria Alga, che ha aperto spazi a numerosi artisti.<\/p>\n\n\n\n<p>Con il suo lavoro, ha inteso la cultura come luogo di incontro, dialogo e comunit\u00e0. Con la sua energia, apertura e dedizione, ha unito le persone e contribuito a creare un\u2019Isola aperta e creativa. La sua voce \u00e8 rimasta viva anche nella parola scritta, poich\u00e9 come autore ha conservato le storie del nostro territorio e delle persone che lo animano, arricchendo con la sua parola il patrimonio culturale dell\u2019Istria.<\/p>\n\n\n\n<p>Frane Goljev\u0161\u010dek non \u00e8 stato solo parte della cultura isolana: \u00e8 stato uno dei suoi creatori e costruttori chiave.<\/p>\n\n\n\n<p>Al Centro per la cultura, lo sport e gli eventi di Isola, gli rendiamo omaggio con sincera gratitudine per tutto ci\u00f2 che ha donato alla nostra citt\u00e0.<\/p>\n\n\n\n<p>Sentite condoglianze ai suoi cari e a tutti coloro che lo hanno conosciuto.<\/p>\n\n\n\n<p>Possa riposare in pace.<\/p>\n","protected":false},"excerpt":{"rendered":"<p>Con profondo rispetto ci congediamo da Frane Goljev\u0161\u010dek, straordinario creatore culturale e persona che, con la sua dedizione alla cultura, ha lasciato un segno indelebile a Isola. Proprio a Isola ha lasciato l\u2019impronta pi\u00f9 forte grazie alla sua visione e al suo impegno, essendo stato uno dei principali artefici del fermento culturale della nostra citt\u00e0. [&hellip;]<\/p>\n","protected":false},"author":3,"featured_media":57102,"comment_status":"open","ping_status":"open","sticky":false,"template":"","format":"standard","meta":{"_acf_changed":false,"footnotes":""},"categories":[26],"tags":[],"class_list":["post-57105","post","type-post","status-publish","format-standard","has-post-thumbnail","hentry","category-non-categorizzato"],"acf":[],"_links":{"self":[{"href":"https:\/\/center-izola.si\/it\/wp-json\/wp\/v2\/posts\/57105","targetHints":{"allow":["GET"]}}],"collection":[{"href":"https:\/\/center-izola.si\/it\/wp-json\/wp\/v2\/posts"}],"about":[{"href":"https:\/\/center-izola.si\/it\/wp-json\/wp\/v2\/types\/post"}],"author":[{"embeddable":true,"href":"https:\/\/center-izola.si\/it\/wp-json\/wp\/v2\/users\/3"}],"replies":[{"embeddable":true,"href":"https:\/\/center-izola.si\/it\/wp-json\/wp\/v2\/comments?post=57105"}],"version-history":[{"count":1,"href":"https:\/\/center-izola.si\/it\/wp-json\/wp\/v2\/posts\/57105\/revisions"}],"predecessor-version":[{"id":57106,"href":"https:\/\/center-izola.si\/it\/wp-json\/wp\/v2\/posts\/57105\/revisions\/57106"}],"wp:featuredmedia":[{"embeddable":true,"href":"https:\/\/center-izola.si\/it\/wp-json\/wp\/v2\/media\/57102"}],"wp:attachment":[{"href":"https:\/\/center-izola.si\/it\/wp-json\/wp\/v2\/media?parent=57105"}],"wp:term":[{"taxonomy":"category","embeddable":true,"href":"https:\/\/center-izola.si\/it\/wp-json\/wp\/v2\/categories?post=57105"},{"taxonomy":"post_tag","embeddable":true,"href":"https:\/\/center-izola.si\/it\/wp-json\/wp\/v2\/tags?post=57105"}],"curies":[{"name":"wp","href":"https:\/\/api.w.org\/{rel}","templated":true}]}}